{"id":4615,"date":"2021-12-16T16:30:00","date_gmt":"2021-12-16T13:30:00","guid":{"rendered":"https:\/\/international.cumhuriyet.edu.tr\/?p=4615"},"modified":"2023-08-13T23:22:02","modified_gmt":"2023-08-13T20:22:02","slug":"farabi-degisim-programi-2022-2023-egitim-ogretim-yili-duyurusu","status":"publish","type":"post","link":"https:\/\/international.cumhuriyet.edu.tr\/en\/farabi-degisim-programi-2022-2023-egitim-ogretim-yili-duyurusu\/","title":{"rendered":"Farabi De\u011fi\u015fim Program\u0131 2022-2023 E\u011fitim \u00d6\u011fretim Y\u0131l\u0131 Duyurusu"},"content":{"rendered":"<p class=\"gutenify-section-f91ad1c0-3a16-11ee-a010-c92a8aabeeb2\">18 \u015eubat 2009 tarih ve 27145 say\u0131l\u0131 Resmi Gazete &#8216;de yay\u0131mlanan \u201cY\u00fcksek\u00f6\u011fretim Kurumlar\u0131 Aras\u0131nda \u00d6\u011frenci ve \u00d6\u011fretim \u00dcyesi De\u011fi\u015fim Program\u0131na \u0130li\u015fkin Y\u00f6netmelik&#8221; ile \u201cY\u00fcksek\u00f6\u011fretim Kurumlar\u0131 Aras\u0131nda Yurti\u00e7i \u00d6\u011fretim Eleman\u0131 ve \u00d6\u011frenci De\u011fi\u015fim Programlar\u0131n\u0131n Desteklenmesi Amac\u0131yla Y\u00fcksek\u00f6\u011fretim Kurulunca Y\u00fcksek\u00f6\u011fretim Kurumlar\u0131na Aktar\u0131lacak Tutarlar\u0131n Kullan\u0131m\u0131, Muhasebele\u015ftirilmesi, Bu Kapsamda Yap\u0131lacak \u00d6demeler \u0130le Di\u011fer Hususlara \u0130li\u015fkin Esas ve Usuller&#8221; uyar\u0131nca;&nbsp;<\/p>\n\n\n\n<p class=\"gutenify-section-f91b9510-3a16-11ee-a010-c92a8aabeeb2\">Farabi De\u011fi\u015fim Program\u0131n\u0131n 2022-2023 e\u011fitim \u00f6\u011fretim y\u0131l\u0131na mahsus olmak \u00fczere yap\u0131lmamas\u0131, Y\u00fcksek\u00f6\u011fretim&nbsp; Y\u00fcr\u00fctme&nbsp; Kurulu&#8217;nun&nbsp; 08.12.2021&nbsp; tarihli toplant\u0131s\u0131nda&nbsp; uygun bulunmu\u015ftur.<\/p>","protected":false},"excerpt":{"rendered":"<p>18 \u015eubat 2009 tarih ve 27145 say\u0131l\u0131 Resmi Gazete &#8216;de yay\u0131mlanan \u201cY\u00fcksek\u00f6\u011fretim Kurumlar\u0131 Aras\u0131nda \u00d6\u011frenci ve \u00d6\u011fretim \u00dcyesi De\u011fi\u015fim Program\u0131na \u0130li\u015fkin Y\u00f6netmelik&#8221; ile \u201cY\u00fcksek\u00f6\u011fretim Kurumlar\u0131 Aras\u0131nda Yurti\u00e7i \u00d6\u011fretim Eleman\u0131 ve \u00d6\u011frenci De\u011fi\u015fim Programlar\u0131n\u0131n Desteklenmesi Amac\u0131yla Y\u00fcksek\u00f6\u011fretim Kurulunca Y\u00fcksek\u00f6\u011fretim Kurumlar\u0131na Aktar\u0131lacak Tutarlar\u0131n Kullan\u0131m\u0131, Muhasebele\u015ftirilmesi, Bu Kapsamda Yap\u0131lacak \u00d6demeler \u0130le Di\u011fer Hususlara \u0130li\u015fkin Esas ve Usuller&#8221; uyar\u0131nca;&nbsp; [&hellip;]<\/p>","protected":false},"author":1,"featured_media":0,"comment_status":"closed","ping_status":"open","sticky":false,"template":"","format":"standard","meta":{"_gspb_post_css":"","footnotes":""},"categories":[90,88],"tags":[],"class_list":["post-4615","post","type-post","status-publish","format-standard","hentry","category-exchange-programmes","category-farabi"],"blocksy_meta":[],"_links":{"self":[{"href":"https:\/\/international.cumhuriyet.edu.tr\/en\/wp-json\/wp\/v2\/posts\/4615","targetHints":{"allow":["GET"]}}],"collection":[{"href":"https:\/\/international.cumhuriyet.edu.tr\/en\/wp-json\/wp\/v2\/posts"}],"about":[{"href":"https:\/\/international.cumhuriyet.edu.tr\/en\/wp-json\/wp\/v2\/types\/post"}],"author":[{"embeddable":true,"href":"https:\/\/international.cumhuriyet.edu.tr\/en\/wp-json\/wp\/v2\/users\/1"}],"replies":[{"embeddable":true,"href":"https:\/\/international.cumhuriyet.edu.tr\/en\/wp-json\/wp\/v2\/comments?post=4615"}],"version-history":[{"count":1,"href":"https:\/\/international.cumhuriyet.edu.tr\/en\/wp-json\/wp\/v2\/posts\/4615\/revisions"}],"predecessor-version":[{"id":4616,"href":"https:\/\/international.cumhuriyet.edu.tr\/en\/wp-json\/wp\/v2\/posts\/4615\/revisions\/4616"}],"wp:attachment":[{"href":"https:\/\/international.cumhuriyet.edu.tr\/en\/wp-json\/wp\/v2\/media?parent=4615"}],"wp:term":[{"taxonomy":"category","embeddable":true,"href":"https:\/\/international.cumhuriyet.edu.tr\/en\/wp-json\/wp\/v2\/categories?post=4615"},{"taxonomy":"post_tag","embeddable":true,"href":"https:\/\/international.cumhuriyet.edu.tr\/en\/wp-json\/wp\/v2\/tags?post=4615"}],"curies":[{"name":"wp","href":"https:\/\/api.w.org\/{rel}","templated":true}]}}